{"id":24,"date":"2026-06-12T12:57:12","date_gmt":"2026-06-12T12:57:12","guid":{"rendered":"https:\/\/flyrevo.com\/mkt\/quanto-custa-um-voo-de-helicoptero-da-faria-lima-ao-aeroporto-de-guarulhos\/"},"modified":"2026-06-16T13:35:22","modified_gmt":"2026-06-16T13:35:22","slug":"quanto-custa-um-voo-de-helicoptero-da-faria-lima-ao-aeroporto-de-guarulhos","status":"publish","type":"post","link":"https:\/\/flyrevo.com\/mkt\/quanto-custa-um-voo-de-helicoptero-da-faria-lima-ao-aeroporto-de-guarulhos\/","title":{"rendered":"Quanto custa um voo de helic\u00f3ptero da Faria Lima ao Aeroporto de Guarulhos?"},"content":{"rendered":"\t\t<div data-elementor-type=\"wp-post\" data-elementor-id=\"24\" class=\"elementor elementor-24\" data-elementor-post-type=\"post\">\n\t\t\t\t<div class=\"elementor-element elementor-element-6f7bf710 e-flex e-con-boxed e-con e-parent\" data-id=\"6f7bf710\" data-element_type=\"container\" data-e-type=\"container\">\n\t\t\t\t\t<div class=\"e-con-inner\">\n\t\t\t\t\t<h1 data-interaction-id=\"68469781\" class=\"e-68469781-899b3a6 e-heading-base\" data-e-type=\"widget\" data-id=\"68469781\">Quanto custa um voo de helic\u00f3ptero da Faria Lima ao Aeroporto de Guarulhos?<\/h1>\n\t\t\t\t\t<\/div>\n\t\t\t\t<\/div>\n\t\t<div class=\"elementor-element elementor-element-926c1df e-grid e-con-boxed e-con e-parent\" data-id=\"926c1df\" data-element_type=\"container\" data-e-type=\"container\">\n\t\t\t\t\t<div class=\"e-con-inner\">\n\t\t\t\t<div class=\"elementor-element elementor-element-e2f9089 elementor-widget elementor-widget-image\" data-id=\"e2f9089\" data-element_type=\"widget\" data-e-type=\"widget\" data-widget_type=\"image.default\">\n\t\t\t\t\t\t\t\t\t\t\t\t\t\t\t<img decoding=\"async\" src=\"https:\/\/revosaprdmedia.blob.core.windows.net\/revo-cms-media-prd-bucket\/2026\/06\/febiyan-Z-sH8dS96As-unsplash-2.jpg\" title=\"febiyan-Z-sH8dS96As-unsplash (2)\" alt=\"febiyan-Z-sH8dS96As-unsplash (2)\" loading=\"lazy\" \/>\t\t\t\t\t\t\t\t\t\t\t\t\t\t\t<\/div>\n\t\t\t\t\t<\/div>\n\t\t\t\t<\/div>\n\t\t<div class=\"elementor-element elementor-element-4fb93318 e-flex e-con-boxed e-con e-parent\" data-id=\"4fb93318\" data-element_type=\"container\" data-e-type=\"container\">\n\t\t\t\t\t<div class=\"e-con-inner\">\n\t\t\t\t<div class=\"elementor-element elementor-element-207becea elementor-toc--minimized-on-tablet elementor-widget elementor-widget-table-of-contents\" data-id=\"207becea\" data-element_type=\"widget\" data-e-type=\"widget\" data-settings=\"{&quot;exclude_headings_by_selector&quot;:[],&quot;no_headings_message&quot;:&quot;No headings were found on this page.&quot;,&quot;headings_by_tags&quot;:[&quot;h2&quot;,&quot;h3&quot;,&quot;h4&quot;,&quot;h5&quot;,&quot;h6&quot;],&quot;marker_view&quot;:&quot;numbers&quot;,&quot;minimize_box&quot;:&quot;yes&quot;,&quot;minimized_on&quot;:&quot;tablet&quot;,&quot;hierarchical_view&quot;:&quot;yes&quot;,&quot;min_height&quot;:{&quot;unit&quot;:&quot;px&quot;,&quot;size&quot;:&quot;&quot;,&quot;sizes&quot;:[]},&quot;min_height_tablet&quot;:{&quot;unit&quot;:&quot;px&quot;,&quot;size&quot;:&quot;&quot;,&quot;sizes&quot;:[]},&quot;min_height_mobile&quot;:{&quot;unit&quot;:&quot;px&quot;,&quot;size&quot;:&quot;&quot;,&quot;sizes&quot;:[]}}\" data-widget_type=\"table-of-contents.default\">\n\t\t\t\t\t\t\t\t\t<div class=\"elementor-toc__header\">\n\t\t\t\t\t\t<h4 class=\"elementor-toc__header-title\">\n\t\t\t\tNeste artigo, voc\u00ea ver\u00e1\t\t\t<\/h4>\n\t\t\t\t\t\t\t\t\t\t<div class=\"elementor-toc__toggle-button elementor-toc__toggle-button--expand\" role=\"button\" tabindex=\"0\" aria-controls=\"elementor-toc__207becea\" aria-expanded=\"true\" aria-label=\"Open table of contents\"><svg aria-hidden=\"true\" class=\"e-font-icon-svg e-fas-chevron-down\" viewBox=\"0 0 448 512\" xmlns=\"http:\/\/www.w3.org\/2000\/svg\"><path d=\"M207.029 381.476L12.686 187.132c-9.373-9.373-9.373-24.569 0-33.941l22.667-22.667c9.357-9.357 24.522-9.375 33.901-.04L224 284.505l154.745-154.021c9.379-9.335 24.544-9.317 33.901.04l22.667 22.667c9.373 9.373 9.373 24.569 0 33.941L240.971 381.476c-9.373 9.372-24.569 9.372-33.942 0z\"><\/path><\/svg><\/div>\n\t\t\t\t<div class=\"elementor-toc__toggle-button elementor-toc__toggle-button--collapse\" role=\"button\" tabindex=\"0\" aria-controls=\"elementor-toc__207becea\" aria-expanded=\"true\" aria-label=\"Close table of contents\"><svg aria-hidden=\"true\" class=\"e-font-icon-svg e-fas-chevron-up\" viewBox=\"0 0 448 512\" xmlns=\"http:\/\/www.w3.org\/2000\/svg\"><path d=\"M240.971 130.524l194.343 194.343c9.373 9.373 9.373 24.569 0 33.941l-22.667 22.667c-9.357 9.357-24.522 9.375-33.901.04L224 227.495 69.255 381.516c-9.379 9.335-24.544 9.317-33.901-.04l-22.667-22.667c-9.373-9.373-9.373-24.569 0-33.941L207.03 130.525c9.372-9.373 24.568-9.373 33.941-.001z\"><\/path><\/svg><\/div>\n\t\t\t\t\t<\/div>\n\t\t\t\t<div id=\"elementor-toc__207becea\" class=\"elementor-toc__body\">\n\t\t\t<div class=\"elementor-toc__spinner-container\">\n\t\t\t\t<svg class=\"elementor-toc__spinner eicon-animation-spin e-font-icon-svg e-eicon-loading\" aria-hidden=\"true\" viewBox=\"0 0 1000 1000\" xmlns=\"http:\/\/www.w3.org\/2000\/svg\"><path d=\"M500 975V858C696 858 858 696 858 500S696 142 500 142 142 304 142 500H25C25 237 238 25 500 25S975 237 975 500 763 975 500 975Z\"><\/path><\/svg>\t\t\t<\/div>\n\t\t<\/div>\n\t\t\t\t\t\t<\/div>\n\t\t\t\t\t<\/div>\n\t\t\t\t<\/div>\n\t\t<div class=\"elementor-element elementor-element-1350a3e7 e-flex e-con-boxed e-con e-parent\" data-id=\"1350a3e7\" data-element_type=\"container\" data-e-type=\"container\">\n\t\t\t\t\t<div class=\"e-con-inner\">\n\t\t\t\t\t<p class=\"e-5716277a-30edc3c e-paragraph-base\" data-interaction-id=\"5716277a\" data-e-type=\"widget\" data-id=\"5716277a\">O voo de helic\u00f3ptero da Faria Lima ao Aeroporto de Guarulhos custa a partir de R$ 2.750 por assento na modalidade compartilhada e a partir de R$ 12.500 no fretamento da cabine completa. A Revo opera essa rota com aeronaves bimotoras Airbus, cobrindo o trajeto em cerca de 8 minutos, contra at\u00e9 2 horas no tr\u00e2nsito terrestre pela Marginal Tiet\u00ea e Rodovia H\u00e9lio Smidt.<br><br>Neste artigo, voc\u00ea encontra a estrutura de pre\u00e7os detalhada, o que est\u00e1 inclu\u00eddo no valor, como funciona a reserva, os diferenciais de seguran\u00e7a da opera\u00e7\u00e3o e as vantagens do programa de milhas integrado ao LATAM Pass.<\/p>\n\t\t\t\t\t<\/div>\n\t\t\t\t<\/div>\n\t\t<div class=\"elementor-element elementor-element-6ca911c9 e-flex e-con-boxed e-con e-parent\" data-id=\"6ca911c9\" data-element_type=\"container\" data-e-type=\"container\">\n\t\t\t\t\t<div class=\"e-con-inner\">\n\t\t\t\t\t<h2 data-interaction-id=\"1e04b6de\" class=\"e-1e04b6de-66cddd8 e-heading-base\" data-e-type=\"widget\" data-id=\"1e04b6de\">Quanto custa cada modalidade de voo entre Faria Lima e Guarulhos<\/h2>\n\t\t\t\t\t<p class=\"e-6bc9b062-710bcbc e-paragraph-base\" data-interaction-id=\"6bc9b062\" data-e-type=\"widget\" data-id=\"6bc9b062\">A Revo oferece duas formas de contratar o trajeto Faria Lima\u2013Guarulhos: o voo compartilhado (shuttle), com assentos individuais a partir de R$ 2.750, e o voo privado (Full Cabin), com a aeronave exclusiva a partir de R$ 12.500. A escolha depende do n\u00edvel de privacidade, flexibilidade de hor\u00e1rio e tamanho do grupo.<br><br>No modelo shuttle, o passageiro reserva um assento em voos com hor\u00e1rios pr\u00e9-definidos por algoritmos de demanda. Os hor\u00e1rios s\u00e3o calibrados para coincidir com os picos de deslocamento corporativo e com os principais blocos de partidas internacionais em Guarulhos. O custo por assento \u00e9 dilu\u00eddo entre os ocupantes, o que torna a opera\u00e7\u00e3o bimotor acess\u00edvel sem comprometer a experi\u00eancia.<br><br>No fretamento Full Cabin, o contratante define o hor\u00e1rio exato de decolagem e tem a cabine inteira \u00e0 disposi\u00e7\u00e3o. Essa modalidade atende comitivas executivas, fam\u00edlias ou situa\u00e7\u00f5es que exigem confidencialidade e personaliza\u00e7\u00e3o total do itiner\u00e1rio.<\/p>\n\t\t\t\t\t<\/div>\n\t\t\t\t<\/div>\n\t\t<div class=\"elementor-element elementor-element-7eeb89a3 e-flex e-con-boxed e-con e-parent\" data-id=\"7eeb89a3\" data-element_type=\"container\" data-e-type=\"container\">\n\t\t\t\t\t<div class=\"e-con-inner\">\n\t\t\t\t<div class=\"elementor-element elementor-element-60158a3c elementor-widget elementor-widget-html\" data-id=\"60158a3c\" data-element_type=\"widget\" data-e-type=\"widget\" data-widget_type=\"html.default\">\n\t\t\t\t\t<style>\n\/* Estilos para Desktop (Tabela Padr\u00e3o) *\/\n.tabela-opcoes-voo {\n    width: 100%;\n    border-collapse: collapse;\n    font-family: inherit;\n    background-color: #ffffff;\n    font-size: 15px;\n    line-height: 1.6;\n    color: #333333;\n}\n\n.tabela-opcoes-voo th, \n.tabela-opcoes-voo td {\n    border: 1px solid #eaeaea;\n    padding: 18px 24px;\n    text-align: left;\n    vertical-align: middle;\n}\n\n.tabela-opcoes-voo th {\n    background-color: #f7f8f9;\n    font-weight: 700;\n    color: #1a1a1a;\n}\n\n.tabela-opcoes-voo tbody tr:hover {\n    background-color: #fafafa;\n    transition: background-color 0.3s ease;\n}\n\n.tabela-opcoes-voo td strong {\n    font-weight: 700;\n    color: #1a1a1a;\n}\n\n\/* Estilos para Dispositivos M\u00f3veis (Design em Cart\u00f5es) *\/\n@media screen and (max-width: 768px) {\n    .tabela-opcoes-voo thead {\n        display: none; \/* Oculta o cabe\u00e7alho em telas pequenas *\/\n    }\n    \n    .tabela-opcoes-voo, \n    .tabela-opcoes-voo tbody, \n    .tabela-opcoes-voo tr, \n    .tabela-opcoes-voo td {\n        display: block;\n        width: 100%;\n    }\n    \n    .tabela-opcoes-voo tr {\n        margin-bottom: 24px;\n        border: 1px solid #eaeaea;\n        border-radius: 8px;\n        overflow: hidden;\n        box-shadow: 0 2px 8px rgba(0,0,0,0.04);\n    }\n    \n    .tabela-opcoes-voo td {\n        position: relative;\n        text-align: right;\n        padding: 16px 16px 16px 45%;\n        border: none;\n        border-bottom: 1px solid #f2f2f2;\n    }\n    \n    .tabela-opcoes-voo td:last-child {\n        border-bottom: none;\n    }\n    \n    \/* Destaca a Modalidade como t\u00edtulo do cart\u00e3o no mobile *\/\n    .tabela-opcoes-voo td:first-child {\n        background-color: #f7f8f9;\n        text-align: center;\n        padding: 16px;\n        font-size: 16px;\n        border-bottom: 2px solid #eaeaea;\n    }\n    \n    .tabela-opcoes-voo td:first-child::before {\n        display: none;\n    }\n    \n    \/* Adiciona as labels din\u00e2micas via atributo data-label *\/\n    .tabela-opcoes-voo td:not(:first-child)::before {\n        content: attr(data-label);\n        position: absolute;\n        left: 16px;\n        width: 40%;\n        text-align: left;\n        font-weight: 700;\n        color: #555555;\n        font-size: 13px;\n        line-height: 1.4;\n    }\n}\n<\/style>\n\n<table class=\"tabela-opcoes-voo\">\n    <thead>\n        <tr>\n            <th>Modalidade<\/th>\n            <th>Pre\u00e7o inicial<\/th>\n            <th>Indica\u00e7\u00e3o principal<\/th>\n            <th>Flexibilidade de hor\u00e1rio<\/th>\n        <\/tr>\n    <\/thead>\n    <tbody>\n        <tr>\n            <td data-label=\"Modalidade\"><strong>Voo compartilhado (shuttle)<\/strong><\/td>\n            <td data-label=\"Pre\u00e7o inicial\">R$ 2.750 por assento<\/td>\n            <td data-label=\"Indica\u00e7\u00e3o principal\">Executivo solo ou dupla em viagem internacional<\/td>\n            <td data-label=\"Flexibilidade de hor\u00e1rio\">Hor\u00e1rios pr\u00e9-definidos pela plataforma<\/td>\n        <\/tr>\n        <tr>\n            <td data-label=\"Modalidade\"><strong>Voo privado (Full Cabin)<\/strong><\/td>\n            <td data-label=\"Pre\u00e7o inicial\">R$ 12.500 por aeronave<\/td>\n            <td data-label=\"Indica\u00e7\u00e3o principal\">Comitivas, fam\u00edlias ou agendas imprevis\u00edveis<\/td>\n            <td data-label=\"Flexibilidade de hor\u00e1rio\">Total; hor\u00e1rio definido pelo cliente<\/td>\n        <\/tr>\n    <\/tbody>\n<\/table>\t\t\t\t<\/div>\n\t\t\t\t\t<\/div>\n\t\t\t\t<\/div>\n\t\t<div class=\"elementor-element elementor-element-3e9844bb e-flex e-con-boxed e-con e-parent\" data-id=\"3e9844bb\" data-element_type=\"container\" data-e-type=\"container\">\n\t\t\t\t\t<div class=\"e-con-inner\">\n\t\t\t\t\t<p class=\"e-2a9f7066-84a869e e-paragraph-base\" data-interaction-id=\"2a9f7066\" data-e-type=\"widget\" data-id=\"2a9f7066\">Para quem utiliza a rota com frequ\u00eancia, a Revo tamb\u00e9m disponibiliza planos de assinatura anual. O programa Revo Urban Mobility oferece 30 cr\u00e9ditos (Revo Seats) por US$ 13.650 ao ano, com validade de 12 meses. Esses cr\u00e9ditos podem ser usados tanto para reservar assentos individuais no shuttle quanto agrupados para converter em um fretamento completo.<\/p>\n\t\t\t\t\t<\/div>\n\t\t\t\t<\/div>\n\t\t<div class=\"elementor-element elementor-element-35576301 e-flex e-con-boxed e-con e-parent\" data-id=\"35576301\" data-element_type=\"container\" data-e-type=\"container\">\n\t\t\t\t\t<div class=\"e-con-inner\">\n\t\t\t\t\t<h2 data-interaction-id=\"1dfaecd3\" class=\"e-1dfaecd3-10c7fba e-heading-base\" data-e-type=\"widget\" data-id=\"1dfaecd3\">O que o pre\u00e7o do voo inclui al\u00e9m do trajeto a\u00e9reo<\/h2>\n\t\t\t\t\t<\/div>\n\t\t\t\t<\/div>\n\t\t<div class=\"elementor-element elementor-element-7210a16 e-grid e-con-boxed e-con e-parent\" data-id=\"7210a16\" data-element_type=\"container\" data-e-type=\"container\">\n\t\t\t\t\t<div class=\"e-con-inner\">\n\t\t\t\t<div class=\"elementor-element elementor-element-17ba085 elementor-widget elementor-widget-image\" data-id=\"17ba085\" data-element_type=\"widget\" data-e-type=\"widget\" data-widget_type=\"image.default\">\n\t\t\t\t\t\t\t\t\t\t\t\t\t\t\t<img decoding=\"async\" src=\"https:\/\/revosaprdmedia.blob.core.windows.net\/revo-cms-media-prd-bucket\/2026\/06\/06-helicoptero.jpg\" title=\"06-helicoptero\" alt=\"06-helicoptero\" loading=\"lazy\" \/>\t\t\t\t\t\t\t\t\t\t\t\t\t\t\t<\/div>\n\t\t\t\t\t<\/div>\n\t\t\t\t<\/div>\n\t\t<div class=\"elementor-element elementor-element-684501b6 e-flex e-con-boxed e-con e-parent\" data-id=\"684501b6\" data-element_type=\"container\" data-e-type=\"container\">\n\t\t\t\t\t<div class=\"e-con-inner\">\n\t\t\t\t\t<p class=\"e-4060f480-b018279 e-paragraph-base\" data-interaction-id=\"4060f480\" data-e-type=\"widget\" data-id=\"4060f480\">O valor pago na rota Faria Lima\u2013Guarulhos n\u00e3o cobre apenas os 8 minutos no ar. A Revo entrega uma <strong>jornada de mobilidade end-to-end<\/strong>, resolvendo o problema cl\u00e1ssico da primeira e \u00faltima milha que historicamente penaliza a avia\u00e7\u00e3o urbana executiva.<br><br><strong>Transporte terrestre pr\u00e9 e p\u00f3s-voo.<\/strong> Carros executivos com motoristas treinados buscam o passageiro na origem (escrit\u00f3rio, resid\u00eancia ou hotel) e o conduzem diretamente ao heliponto de embarque. Na chegada a Guarulhos, outro ve\u00edculo aguarda para completar o deslocamento at\u00e9 o terminal de check-in internacional. Em casos que exigem protocolo de seguran\u00e7a refor\u00e7ado, ve\u00edculos blindados podem ser alocados.<br><br><strong>Gest\u00e3o de bagagem.<\/strong> Helic\u00f3pteros possuem restri\u00e7\u00f5es r\u00edgidas de peso e volume na cabine: limite de 12 kg por mala, com dimens\u00f5es m\u00e1ximas de 56 \u00d7 36 \u00d7 23 cm. Para executivos em tr\u00e2nsito para voos intercontinentais de longo curso, essa limita\u00e7\u00e3o seria um obst\u00e1culo significativo. A Revo neutraliza esse atrito despachando as malas maiores por via terrestre expressa de forma antecipada, garantindo que a bagagem esteja no aeroporto quando o passageiro aterrissar.<br><br><strong>Acesso aos Revo Lounges.<\/strong> Na Faria Lima, o embarque ocorre a partir do edif\u00edcio International Plaza II, na Avenida Juscelino Kubitschek. Em Guarulhos, a opera\u00e7\u00e3o utiliza terminais executivos segregados do fluxo p\u00fablico, como o GATGRU ou o Terminal BTG Pactual. Os lounges oferecem Wi-Fi de alta velocidade, caf\u00e9 gourmet e ambiente climatizado, projetados para manter a produtividade at\u00e9 o momento do embarque.<br><br><strong>Atendimento High-Touch com Hosts e Concierges.<\/strong> Um host recepciona o passageiro na chegada ao heliponto, assume o manuseio da bagagem de m\u00e3o e conduz todo o percurso at\u00e9 a aeronave. Paralelamente, um concierge digital monitora a jornada via WhatsApp, informando condi\u00e7\u00f5es meteorol\u00f3gicas, dados do motorista designado e ajustes de \u00faltima hora na opera\u00e7\u00e3o.<\/p>\n\t\t\t\t\t<\/div>\n\t\t\t\t<\/div>\n\t\t<div class=\"elementor-element elementor-element-20720022 e-flex e-con-boxed e-con e-parent\" data-id=\"20720022\" data-element_type=\"container\" data-e-type=\"container\">\n\t\t\t\t\t<div class=\"e-con-inner\">\n\t\t\t\t\t<h2 data-interaction-id=\"61fbea6e\" class=\"e-61fbea6e-fc785ea e-heading-base\" data-e-type=\"widget\" data-id=\"61fbea6e\">Por que o trajeto terrestre Faria Lima\u2013Guarulhos \u00e9 t\u00e3o problem\u00e1tico?<\/h2>\n\t\t\t\t\t<p class=\"e-7bae1448-dfba1c7 e-paragraph-base\" data-interaction-id=\"7bae1448\" data-e-type=\"widget\" data-id=\"7bae1448\">O tr\u00e2nsito na cidade de S\u00e3o Paulo est\u00e1 mais lento em 2026 do que no in\u00edcio do ano passado. Nas m\u00e9dias de dias \u00fateis, os congestionamentos registrados neste ano superam os n\u00edveis observados no mesmo per\u00edodo de 2025, o que significa deslocamentos mais longos para quem circula pela capital. No comparativo entre o primeiro trimestre de 2025 e 2026, o congestionamento m\u00e9dio saltou de 227 km para 310 km somente na cidade de S\u00e3o Paulo, um aumento de 36% segundo os dados da CET.<br><br>Os fatores que alimentam esse cen\u00e1rio s\u00e3o estruturais:<br><br>- A situa\u00e7\u00e3o atual \u00e9 resultado da combina\u00e7\u00e3o de v\u00e1rios fatores, entre eles a retomada do trabalho presencial, o crescimento dos servi\u00e7os de transporte por aplicativo e a redu\u00e7\u00e3o no uso do transporte coletivo.<br><br>- S\u00e3o Paulo registrou em fevereiro de 2026 o maior \u00edndice de congestionamento do ano, com a capital chegando a 1.054 quil\u00f4metros de vias congestionadas por volta das 7h30.<br><br>- A Marginal Tiet\u00ea \u00e9 uma importante via de tr\u00e1fego, interligando as regi\u00f5es oeste, norte e leste da cidade, sendo acesso \u00e0s rodovias Castello Branco, Anhanguera, Bandeirantes, Presidente Dutra, Fern\u00e3o Dias e Ayrton Senna e ao Aeroporto Internacional de Guarulhos. Isso concentra um volume desproporcional de ve\u00edculos em um \u00fanico corredor.<br><br>Para executivos com voo internacional marcado, essa imprevisibilidade representa risco concreto de perder embarque, conex\u00e3o e reuni\u00f5es agendadas no destino. O helic\u00f3ptero elimina integralmente essa vari\u00e1vel: os 8 minutos de voo entre a Faria Lima e Guarulhos s\u00e3o constantes, independentemente do hor\u00e1rio, do clima ou de acidentes nas marginais.<\/p>\n\t\t\t\t\t<\/div>\n\t\t\t\t<\/div>\n\t\t<div class=\"elementor-element elementor-element-3eed831a e-flex e-con-boxed e-con e-parent\" data-id=\"3eed831a\" data-element_type=\"container\" data-e-type=\"container\">\n\t\t\t\t\t<div class=\"e-con-inner\">\n\t\t\t\t\t<h2 data-interaction-id=\"666996ab\" class=\"e-666996ab-adbdd00 e-heading-base\" data-e-type=\"widget\" data-id=\"666996ab\">Como funciona a reserva do voo Faria Lima\u2013Guarulhos<\/h2>\n\t\t\t\t\t<p class=\"e-57544336-6913a15 e-paragraph-base\" data-interaction-id=\"57544336\" data-e-type=\"widget\" data-id=\"57544336\">A contrata\u00e7\u00e3o do voo de helic\u00f3ptero entre Faria Lima e Guarulhos pode ser finalizada em <strong>menos de tr\u00eas minutos<\/strong>, sem burocracia de or\u00e7amentos ou transfer\u00eancias banc\u00e1rias. O processo \u00e9 100% digital e est\u00e1 dispon\u00edvel por tr\u00eas canais distintos.<br><br><strong>Canal 1: Aplicativo m\u00f3vel.<\/strong> O app da Revo, dispon\u00edvel para iOS e Android, permite selecionar a rota, escolher o hor\u00e1rio e concluir o pagamento com cart\u00e3o de cr\u00e9dito em poucos toques. Os hor\u00e1rios do shuttle s\u00e3o pr\u00e9-definidos por algoritmos que analisam padr\u00f5es de demanda, hor\u00e1rios de pico e grades de voos internacionais em Guarulhos.<br><br><strong>Canal 2: Site da plataforma.<\/strong> O portal <a target=\"_blank\" href=\"https:\/\/flyrevo.com\/booking\/\">flyrevo.com<\/a> oferece a mesma funcionalidade de reserva, com visualiza\u00e7\u00e3o de disponibilidade em tempo real.<br><br><strong>Canal 3: Concierge via WhatsApp.<\/strong> Para quem prefere atendimento humano ou precisa de customiza\u00e7\u00f5es (como agendamento de Full Cabin em hor\u00e1rio espec\u00edfico), a equipe de concierges atende diretamente pelo WhatsApp. Esse canal \u00e9 especialmente \u00fatil para assistentes executivos que gerenciam agendas de C-Level.<br><br>No modelo shuttle, a reserva requer anteced\u00eancia m\u00ednima para garantia do assento, dado que os voos operam com lota\u00e7\u00e3o limitada (at\u00e9 5 passageiros no Airbus H135 ou at\u00e9 8 no Airbus H155). No modelo Full Cabin, o hor\u00e1rio \u00e9 definido pelo contratante.<\/p>\n\t\t\t\t\t<\/div>\n\t\t\t\t<\/div>\n\t\t<div class=\"elementor-element elementor-element-3554b61a e-flex e-con-boxed e-con e-parent\" data-id=\"3554b61a\" data-element_type=\"container\" data-e-type=\"container\">\n\t\t\t\t\t<div class=\"e-con-inner\">\n\t\t\t\t\t<h2 data-interaction-id=\"22fa21de\" class=\"e-22fa21de-3434043 e-heading-base\" data-e-type=\"widget\" data-id=\"22fa21de\">Seguran\u00e7a da opera\u00e7\u00e3o: frota bimotor e tripula\u00e7\u00e3o dupla<\/h2>\n\t\t\t\t\t<p class=\"e-2bb43705-294101f e-paragraph-base\" data-interaction-id=\"2bb43705\" data-e-type=\"widget\" data-id=\"2bb43705\">Todos os voos da rota Faria Lima\u2013Guarulhos utilizam <strong>helic\u00f3pteros exclusivamente bimotores<\/strong> com <strong>dois pilotos a bordo<\/strong>, seguindo o padr\u00e3o de companhia a\u00e9rea comercial. Essa redund\u00e2ncia de motor e tripula\u00e7\u00e3o \u00e9 o diferencial t\u00e9cnico que separa a opera\u00e7\u00e3o da Revo do mercado convencional de t\u00e1xi-a\u00e9reo.<br><br>A frota \u00e9 composta por dois modelos fabricados pela Airbus Helicopters:<\/p>\n\t\t\t\t<div class=\"elementor-element elementor-element-2c9357a8 elementor-widget elementor-widget-html\" data-id=\"2c9357a8\" data-element_type=\"widget\" data-e-type=\"widget\" data-widget_type=\"html.default\">\n\t\t\t\t\t<style>\n\/* Estilos para Desktop (Tabela Padr\u00e3o) *\/\n.tabela-frota-modelos {\n    width: 100%;\n    border-collapse: collapse;\n    font-family: inherit;\n    background-color: #ffffff;\n    font-size: 15px;\n    line-height: 1.6;\n    color: #333333;\n}\n\n.tabela-frota-modelos th, \n.tabela-frota-modelos td {\n    border: 1px solid #eaeaea;\n    padding: 18px 24px;\n    text-align: left;\n    vertical-align: middle;\n}\n\n.tabela-frota-modelos th {\n    background-color: #f7f8f9;\n    font-weight: 700;\n    color: #1a1a1a;\n}\n\n.tabela-frota-modelos tbody tr:hover {\n    background-color: #fafafa;\n    transition: background-color 0.3s ease;\n}\n\n.tabela-frota-modelos td strong {\n    font-weight: 700;\n    color: #1a1a1a;\n}\n\n\/* Estilos para Dispositivos M\u00f3veis (Design em Cart\u00f5es) *\/\n@media screen and (max-width: 768px) {\n    .tabela-frota-modelos thead {\n        display: none; \/* Oculta o cabe\u00e7alho em ecr\u00e3s pequenos *\/\n    }\n    \n    .tabela-frota-modelos, \n    .tabela-frota-modelos tbody, \n    .tabela-frota-modelos tr, \n    .tabela-frota-modelos td {\n        display: block;\n        width: 100%;\n    }\n    \n    .tabela-frota-modelos tr {\n        margin-bottom: 24px;\n        border: 1px solid #eaeaea;\n        border-radius: 8px;\n        overflow: hidden;\n        box-shadow: 0 2px 8px rgba(0,0,0,0.04);\n    }\n    \n    .tabela-frota-modelos td {\n        position: relative;\n        text-align: right;\n        padding: 16px 16px 16px 45%;\n        border: none;\n        border-bottom: 1px solid #f2f2f2;\n    }\n    \n    .tabela-frota-modelos td:last-child {\n        border-bottom: none;\n    }\n    \n    \/* Destaca o Modelo como t\u00edtulo do cart\u00e3o no mobile *\/\n    .tabela-frota-modelos td:first-child {\n        background-color: #f7f8f9;\n        text-align: center;\n        padding: 16px;\n        font-size: 16px;\n        border-bottom: 2px solid #eaeaea;\n    }\n    \n    .tabela-frota-modelos td:first-child::before {\n        display: none;\n    }\n    \n    \/* Adiciona as etiquetas din\u00e2micas atrav\u00e9s do atributo data-label *\/\n    .tabela-frota-modelos td:not(:first-child)::before {\n        content: attr(data-label);\n        position: absolute;\n        left: 16px;\n        width: 40%;\n        text-align: left;\n        font-weight: 700;\n        color: #555555;\n        font-size: 13px;\n        line-height: 1.4;\n    }\n}\n<\/style>\n\n<table class=\"tabela-frota-modelos\">\n    <thead>\n        <tr>\n            <th>Modelo<\/th>\n            <th>Capacidade<\/th>\n            <th>Perfil de uso<\/th>\n        <\/tr>\n    <\/thead>\n    <tbody>\n        <tr>\n            <td data-label=\"Modelo\"><strong>Airbus H135<\/strong><\/td>\n            <td data-label=\"Capacidade\">At\u00e9 5 passageiros<\/td>\n            <td data-label=\"Perfil de uso\">Espinha dorsal da opera\u00e7\u00e3o; ideal para executivos solo, duplas ou pequenos grupos<\/td>\n        <\/tr>\n        <tr>\n            <td data-label=\"Modelo\"><strong>Airbus H155<\/strong><\/td>\n            <td data-label=\"Capacidade\">At\u00e9 8 passageiros<\/td>\n            <td data-label=\"Perfil de uso\">Cabine ampla e silenciosa; indicado para comitivas, diretorias ou maior demanda sazonal<\/td>\n        <\/tr>\n    <\/tbody>\n<\/table>\t\t\t\t<\/div>\n\t\t\t\t\t<\/div>\n\t\t\t\t<\/div>\n\t\t<div class=\"elementor-element elementor-element-5fdab608 e-con e-atomic-element e-flexbox-base e-5fdab608-3ff14e7 \" data-id=\"5fdab608\" data-element_type=\"e-flexbox\" data-e-type=\"e-flexbox\" data-interaction-id=\"5fdab608\" data-e-type=\"e-flexbox\" data-id=\"5fdab608\">\n    \t\t\t<p class=\"e-26d41b93-a71d527 e-paragraph-base\" data-interaction-id=\"26d41b93\" data-e-type=\"widget\" data-id=\"26d41b93\">A configura\u00e7\u00e3o bimotor garante que, em caso de falha de uma turbina, a aeronave mantenha sustenta\u00e7\u00e3o e pot\u00eancia suficientes para atingir com seguran\u00e7a o heliponto mais pr\u00f3ximo. Essa especifica\u00e7\u00e3o \u00e9 uma exig\u00eancia comum de departamentos de compliance de corpora\u00e7\u00f5es de capital aberto que autorizam o deslocamento a\u00e9reo de seus diretores e presidentes.<br><br>A tripula\u00e7\u00e3o dupla permite a divis\u00e3o ergon\u00f4mica de tarefas no cockpit: enquanto um piloto concentra-se no voo e nas manobras, o outro gerencia comunica\u00e7\u00f5es com o controle de tr\u00e1fego a\u00e9reo, monitora sistemas de bordo e navega pelos corredores a\u00e9reos da capital. Em paralelo, uma central de intelig\u00eancia operacional em terra faz o rastreamento telemetrado em tempo real de cada voo da malha.<br><br>Esse padr\u00e3o de seguran\u00e7a n\u00e3o \u00e9 improvisado. A Revo pertence ao grupo portugu\u00eas Omni Helicopters International (OHI), controlador da Omni T\u00e1xi A\u00e9reo, que opera no Brasil h\u00e1 25 anos, possui cerca de 90 helic\u00f3pteros e realiza mais de 1.500 voos semanais. Os protocolos aplicados na avia\u00e7\u00e3o offshore de \u00f3leo e g\u00e1s, um dos segmentos mais exigentes do mundo em termos de seguran\u00e7a, foram transpostos integralmente para a opera\u00e7\u00e3o urbana.<\/p>\n\t\t\n<\/div>\n<div class=\"elementor-element elementor-element-3874240d e-flex e-con-boxed e-con e-parent\" data-id=\"3874240d\" data-element_type=\"container\" data-e-type=\"container\">\n\t\t\t\t\t<div class=\"e-con-inner\">\n\t\t\t\t\t<h2 data-interaction-id=\"66bfa488\" class=\"e-66bfa488-71d023d e-heading-base\" data-e-type=\"widget\" data-id=\"66bfa488\">Ac\u00famulo de milhas LATAM Pass na rota Faria Lima\u2013Guarulhos<\/h2>\n\t\t\t\t\t<p class=\"e-1a8ede9-b91a7dc e-paragraph-base\" data-interaction-id=\"1a8ede9\" data-e-type=\"widget\" data-id=\"1a8ede9\">Passageiros que pertencem \u00e0s categorias <strong>Black<\/strong> e <strong>Black Signature<\/strong> do programa LATAM Pass acumulam milhas em cada voo da Revo na rota Faria Lima\u2013Guarulhos. O primeiro voo rende <strong>8.250 milhas de b\u00f4nus<\/strong>, e cada viagem seguinte credita <strong>5.500 milhas<\/strong>, sem limite de ac\u00famulo.<br><br>Essa integra\u00e7\u00e3o entre mobilidade a\u00e9rea urbana e programa de fidelidade de companhia a\u00e9rea de longo curso \u00e9 in\u00e9dita na Am\u00e9rica do Sul. Funciona assim:<br><br>- A reserva pode ser feita atrav\u00e9s do portal do LATAM Pass, com anteced\u00eancia m\u00ednima de 24 horas antes da decolagem.<br><br>- As milhas s\u00e3o creditadas na conta do passageiro em at\u00e9 48 horas ap\u00f3s a conclus\u00e3o do voo.<br><br>- N\u00e3o h\u00e1 restri\u00e7\u00e3o de n\u00famero de assentos ou voos para o ac\u00famulo subsequente: o executivo que voa semanalmente acumula 5.500 milhas por trajeto, indefinidamente.<br><br>Para um executivo que faz dois trajetos por semana (ida e volta ao aeroporto), o ac\u00famulo anual pode ultrapassar <strong>500.000 milhas<\/strong>, considerando as 48 semanas \u00fateis do ano. Esse volume \u00e9 equivalente ao necess\u00e1rio para resgatar passagens intercontinentais em classe executiva nas principais rotas internacionais.<\/p>\n\t\t\t\t\t<\/div>\n\t\t\t\t<\/div>\n\t\t<div class=\"elementor-element elementor-element-6642b4a6 e-flex e-con-boxed e-con e-parent\" data-id=\"6642b4a6\" data-element_type=\"container\" data-e-type=\"container\">\n\t\t\t\t\t<div class=\"e-con-inner\">\n\t\t\t\t\t<h2 data-interaction-id=\"32db7755\" class=\"e-32db7755-f1fac76 e-heading-base\" data-e-type=\"widget\" data-id=\"32db7755\">Pontos de embarque e desembarque: onde o voo come\u00e7a e termina<\/h2>\n\t\t\t\t\t<p class=\"e-3990a6b3-76b164c e-paragraph-base\" data-interaction-id=\"3990a6b3\" data-e-type=\"widget\" data-id=\"3990a6b3\">Na Faria Lima, o embarque acontece no heliponto do <strong>International Plaza II<\/strong>, na Avenida Juscelino Kubitschek, cora\u00e7\u00e3o do eixo financeiro de S\u00e3o Paulo. Em Guarulhos, a opera\u00e7\u00e3o utiliza os <strong>terminais executivos segregados<\/strong> GATGRU ou Terminal BTG Pactual, isolados do fluxo de passageiros dos terminais comerciais.<br><br>Essa escolha de bases n\u00e3o \u00e9 aleat\u00f3ria. O International Plaza II fica a poucos minutos de carro dos principais escrit\u00f3rios de bancos de investimento, assets, escrit\u00f3rios de advocacia e sedes corporativas da Faria Lima e do Itaim Bibi. O passageiro que est\u00e1 no escrit\u00f3rio pode ser coletado por carro executivo e estar decolando em menos de 20 minutos.<br><br>No lado de Guarulhos, os terminais executivos oferecem check-in segregado, estacionamento privativo e acesso direto ao p\u00e1tio de aeronaves. A diferen\u00e7a pr\u00e1tica \u00e9 evitar o fluxo ca\u00f3tico dos terminais 1, 2 e 3, onde filas de seguran\u00e7a, imigra\u00e7\u00e3o e deslocamentos internos podem consumir mais de uma hora. O passageiro que desembarca do helic\u00f3ptero no terminal executivo inicia o processo de embarque internacional em um ambiente controlado e silencioso.<br><br>Al\u00e9m das rotas para Guarulhos, a malha da Revo conecta outros pontos estrat\u00e9gicos como Alphaville, Avenida Paulista, Aeroporto de Congonhas, Quinta da Baroneza e Fazenda Boa Vista.<\/p>\n\t\t\t\t\t<\/div>\n\t\t\t\t<\/div>\n\t\t<div class=\"elementor-element elementor-element-519f0a1f e-flex e-con-boxed e-con e-parent\" data-id=\"519f0a1f\" data-element_type=\"container\" data-e-type=\"container\">\n\t\t\t\t\t<div class=\"e-con-inner\">\n\t\t\t\t\t<h2 data-interaction-id=\"2d4de605\" class=\"e-2d4de605-1c32d67 e-heading-base\" data-e-type=\"widget\" data-id=\"2d4de605\">Compara\u00e7\u00e3o de custo e tempo: helic\u00f3ptero vs. alternativas terrestres<\/h2>\n\t\t\t\t\t<p class=\"e-11fae3f5-83754df e-paragraph-base\" data-interaction-id=\"11fae3f5\" data-e-type=\"widget\" data-id=\"11fae3f5\">A tabela abaixo coloca lado a lado as principais formas de cobrir o trajeto entre a regi\u00e3o da Faria Lima e o Aeroporto de Guarulhos, considerando um deslocamento em dia \u00fatil no hor\u00e1rio de pico (7h\u201310h ou 17h\u201320h):<\/p>\n\t\t\t\t<div class=\"elementor-element elementor-element-33e3b17b elementor-widget elementor-widget-html\" data-id=\"33e3b17b\" data-element_type=\"widget\" data-e-type=\"widget\" data-widget_type=\"html.default\">\n\t\t\t\t\t<style>\n\/* Estilos para Desktop (Tabela Padr\u00e3o) *\/\n.tabela-comparativo-transporte {\n    width: 100%;\n    border-collapse: collapse;\n    font-family: inherit;\n    background-color: #ffffff;\n    font-size: 15px;\n    line-height: 1.6;\n    color: #333333;\n}\n\n.tabela-comparativo-transporte th, \n.tabela-comparativo-transporte td {\n    border: 1px solid #eaeaea;\n    padding: 18px 24px;\n    text-align: left;\n    vertical-align: middle;\n}\n\n.tabela-comparativo-transporte th {\n    background-color: #f7f8f9;\n    font-weight: 700;\n    color: #1a1a1a;\n}\n\n.tabela-comparativo-transporte tbody tr:hover {\n    background-color: #fafafa;\n    transition: background-color 0.3s ease;\n}\n\n.tabela-comparativo-transporte td strong {\n    font-weight: 700;\n    color: #1a1a1a;\n}\n\n\/* Estilos para Dispositivos M\u00f3veis (Design em Cart\u00f5es) *\/\n@media screen and (max-width: 768px) {\n    .tabela-comparativo-transporte thead {\n        display: none; \/* Oculta o cabe\u00e7alho em telas menores *\/\n    }\n    \n    .tabela-comparativo-transporte, \n    .tabela-comparativo-transporte tbody, \n    .tabela-comparativo-transporte tr, \n    .tabela-comparativo-transporte td {\n        display: block;\n        width: 100%;\n    }\n    \n    .tabela-comparativo-transporte tr {\n        margin-bottom: 24px;\n        border: 1px solid #eaeaea;\n        border-radius: 8px;\n        overflow: hidden;\n        box-shadow: 0 2px 8px rgba(0,0,0,0.04);\n    }\n    \n    .tabela-comparativo-transporte td {\n        position: relative;\n        text-align: right;\n        padding: 16px 16px 16px 45%;\n        border: none;\n        border-bottom: 1px solid #f2f2f2;\n    }\n    \n    .tabela-comparativo-transporte td:last-child {\n        border-bottom: none;\n    }\n    \n    \/* Destaca o Meio de Transporte como t\u00edtulo do cart\u00e3o no mobile *\/\n    .tabela-comparativo-transporte td:first-child {\n        background-color: #f7f8f9;\n        text-align: center;\n        padding: 16px;\n        font-size: 16px;\n        border-bottom: 2px solid #eaeaea;\n    }\n    \n    .tabela-comparativo-transporte td:first-child::before {\n        display: none;\n    }\n    \n    \/* Adiciona os r\u00f3tulos din\u00e2micos via atributo data-label *\/\n    .tabela-comparativo-transporte td:not(:first-child)::before {\n        content: attr(data-label);\n        position: absolute;\n        left: 16px;\n        width: 40%;\n        text-align: left;\n        font-weight: 700;\n        color: #555555;\n        font-size: 13px;\n        line-height: 1.4;\n    }\n}\n<\/style>\n\n<table class=\"tabela-comparativo-transporte\">\n    <thead>\n        <tr>\n            <th>Meio de transporte<\/th>\n            <th>Tempo estimado<\/th>\n            <th>Custo aproximado<\/th>\n            <th>Previsibilidade<\/th>\n        <\/tr>\n    <\/thead>\n    <tbody>\n        <tr>\n            <td data-label=\"Meio de transporte\"><strong>Carro particular ou app de transporte<\/strong><\/td>\n            <td data-label=\"Tempo estimado\">1h a 2h+<\/td>\n            <td data-label=\"Custo aproximado\">R$ 120\u2013250 (app) + estacionamento<\/td>\n            <td data-label=\"Previsibilidade\">Baixa; depende de tr\u00e2nsito, acidentes e clima<\/td>\n        <\/tr>\n        <tr>\n            <td data-label=\"Meio de transporte\"><strong>Trem (Linha 13-Jade + metr\u00f4)<\/strong><\/td>\n            <td data-label=\"Tempo estimado\">1h30 a 2h (incluindo baldea\u00e7\u00f5es)<\/td>\n            <td data-label=\"Custo aproximado\">R$ 4,40<\/td>\n            <td data-label=\"Previsibilidade\">M\u00e9dia; hor\u00e1rios fixos, mas exige deslocamento at\u00e9 esta\u00e7\u00e3o<\/td>\n        <\/tr>\n        <tr>\n            <td data-label=\"Meio de transporte\"><strong>Helic\u00f3ptero Revo (shuttle)<\/strong><\/td>\n            <td data-label=\"Tempo estimado\">~8 minutos de voo<\/td>\n            <td data-label=\"Custo aproximado\">A partir de R$ 2.750 por assento<\/td>\n            <td data-label=\"Previsibilidade\">Alta; independe do tr\u00e2nsito terrestre<\/td>\n        <\/tr>\n        <tr>\n            <td data-label=\"Meio de transporte\"><strong>Helic\u00f3ptero Revo (Full Cabin)<\/strong><\/td>\n            <td data-label=\"Tempo estimado\">~8 minutos de voo<\/td>\n            <td data-label=\"Custo aproximado\">A partir de R$ 12.500 por aeronave<\/td>\n            <td data-label=\"Previsibilidade\">Alta; hor\u00e1rio definido pelo cliente<\/td>\n        <\/tr>\n    <\/tbody>\n<\/table>\t\t\t\t<\/div>\n\t\t\t\t\t<p class=\"e-3392f6-2c0ad77 e-paragraph-base\" data-interaction-id=\"3392f6\" data-e-type=\"widget\" data-id=\"3392f6\">O valor do assento de helic\u00f3ptero \u00e9 evidentemente superior ao do transporte terrestre em termos absolutos. A equa\u00e7\u00e3o muda quando se considera o <strong>custo de oportunidade<\/strong> do tempo. Para um executivo cujo valor-hora excede R$ 1.500, as duas horas paradas no tr\u00e2nsito representam um preju\u00edzo impl\u00edcito de R$ 3.000 ou mais, sem contar o desgaste f\u00edsico, o risco de perder o voo internacional e a impossibilidade de manter reuni\u00f5es produtivas durante o deslocamento.<br><br>Al\u00e9m disso, o valor do assento na Revo inclui o ecossistema completo: carro executivo porta-a-porta, gest\u00e3o de bagagem, acesso ao lounge e tripula\u00e7\u00e3o dupla em aeronave bimotor. Em um fretamento convencional de t\u00e1xi-a\u00e9reo monomotor, sem qualquer servi\u00e7o terrestre, o pre\u00e7o pode ser similar ou superior, com um n\u00edvel de servi\u00e7o incomparavelmente menor.<\/p>\n\t\t\t\t\t<\/div>\n\t\t\t\t<\/div>\n\t\t<div class=\"elementor-element elementor-element-7c1c77fa e-flex e-con-boxed e-con e-parent\" data-id=\"7c1c77fa\" data-element_type=\"container\" data-e-type=\"container\" data-settings=\"{&quot;background_background&quot;:&quot;classic&quot;}\">\n\t\t\t\t\t<div class=\"e-con-inner\">\n\t\t<div class=\"elementor-element elementor-element-428f1cf6 e-flex e-con-boxed e-con e-child\" data-id=\"428f1cf6\" data-element_type=\"container\" data-e-type=\"container\">\n\t\t\t\t\t<div class=\"e-con-inner\">\n\t\t\t\t<div class=\"elementor-element elementor-element-53062c0 elementor-widget elementor-widget-heading\" data-id=\"53062c0\" data-element_type=\"widget\" data-e-type=\"widget\" data-widget_type=\"heading.default\">\n\t\t\t\t\t<h2 class=\"elementor-heading-title elementor-size-default\">FAQs<\/h2>\t\t\t\t<\/div>\n\t\t\t\t<div class=\"elementor-element elementor-element-e47cdb3 elementor-widget elementor-widget-n-accordion\" data-id=\"e47cdb3\" data-element_type=\"widget\" data-e-type=\"widget\" data-settings=\"{&quot;default_state&quot;:&quot;expanded&quot;,&quot;max_items_expended&quot;:&quot;one&quot;,&quot;n_accordion_animation_duration&quot;:{&quot;unit&quot;:&quot;ms&quot;,&quot;size&quot;:400,&quot;sizes&quot;:[]}}\" data-widget_type=\"nested-accordion.default\">\n\t\t\t\t\t\t\t<div class=\"e-n-accordion\" aria-label=\"Accordion. Open links with Enter or Space, close with Escape, and navigate with Arrow Keys\">\n\t\t\t\t\t\t<details id=\"e-n-accordion-item-2390\" class=\"e-n-accordion-item\" open>\n\t\t\t\t<summary class=\"e-n-accordion-item-title\" data-accordion-index=\"1\" tabindex=\"0\" aria-expanded=\"true\" aria-controls=\"e-n-accordion-item-2390\" >\n\t\t\t\t\t<span class='e-n-accordion-item-title-header'><div class=\"e-n-accordion-item-title-text\"> Quanto custa um voo de helic\u00f3ptero da Faria Lima ao Aeroporto de Guarulhos? <\/div><\/span>\n\t\t\t\t\t\t\t<span class='e-n-accordion-item-title-icon'>\n\t\t\t<span class='e-opened' ><svg aria-hidden=\"true\" class=\"e-font-icon-svg e-fas-minus\" viewBox=\"0 0 448 512\" xmlns=\"http:\/\/www.w3.org\/2000\/svg\"><path d=\"M416 208H32c-17.67 0-32 14.33-32 32v32c0 17.67 14.33 32 32 32h384c17.67 0 32-14.33 32-32v-32c0-17.67-14.33-32-32-32z\"><\/path><\/svg><\/span>\n\t\t\t<span class='e-closed'><svg aria-hidden=\"true\" class=\"e-font-icon-svg e-fas-plus\" viewBox=\"0 0 448 512\" xmlns=\"http:\/\/www.w3.org\/2000\/svg\"><path d=\"M416 208H272V64c0-17.67-14.33-32-32-32h-32c-17.67 0-32 14.33-32 32v144H32c-17.67 0-32 14.33-32 32v32c0 17.67 14.33 32 32 32h144v144c0 17.67 14.33 32 32 32h32c17.67 0 32-14.33 32-32V304h144c17.67 0 32-14.33 32-32v-32c0-17.67-14.33-32-32-32z\"><\/path><\/svg><\/span>\n\t\t<\/span>\n\n\t\t\t\t\t\t<\/summary>\n\t\t\t\t<div role=\"region\" aria-labelledby=\"e-n-accordion-item-2390\" class=\"elementor-element elementor-element-15e61744 e-con-full e-flex e-con e-child\" data-id=\"15e61744\" data-element_type=\"container\" data-e-type=\"container\">\n\t\t<div role=\"region\" aria-labelledby=\"e-n-accordion-item-2390\" class=\"elementor-element elementor-element-163a1674 e-flex e-con-boxed e-con e-child\" data-id=\"163a1674\" data-element_type=\"container\" data-e-type=\"container\">\n\t\t\t\t\t<div class=\"e-con-inner\">\n\t\t\t\t\t<p class=\"e-2e3fb638-5d1fd8c e-paragraph-base\" data-interaction-id=\"2e3fb638\" data-e-type=\"widget\" data-id=\"2e3fb638\" >Um voo de helic\u00f3ptero da Faria Lima ao Aeroporto de Guarulhos custa a partir de R$ 2.750 por assento na modalidade compartilhada e R$ 12.500 no fretamento completo com a Revo.<\/p>\n\t\t\t\t\t<\/div>\n\t\t\t\t<\/div>\n\t\t\t\t<\/div>\n\t\t\t\t\t<\/details>\n\t\t\t\t\t\t<details id=\"e-n-accordion-item-2391\" class=\"e-n-accordion-item\" >\n\t\t\t\t<summary class=\"e-n-accordion-item-title\" data-accordion-index=\"2\" tabindex=\"-1\" aria-expanded=\"false\" aria-controls=\"e-n-accordion-item-2391\" >\n\t\t\t\t\t<span class='e-n-accordion-item-title-header'><div class=\"e-n-accordion-item-title-text\"> Quanto tempo leva o voo de helic\u00f3ptero da Faria Lima a Guarulhos? <\/div><\/span>\n\t\t\t\t\t\t\t<span class='e-n-accordion-item-title-icon'>\n\t\t\t<span class='e-opened' ><svg aria-hidden=\"true\" class=\"e-font-icon-svg e-fas-minus\" viewBox=\"0 0 448 512\" xmlns=\"http:\/\/www.w3.org\/2000\/svg\"><path d=\"M416 208H32c-17.67 0-32 14.33-32 32v32c0 17.67 14.33 32 32 32h384c17.67 0 32-14.33 32-32v-32c0-17.67-14.33-32-32-32z\"><\/path><\/svg><\/span>\n\t\t\t<span class='e-closed'><svg aria-hidden=\"true\" class=\"e-font-icon-svg e-fas-plus\" viewBox=\"0 0 448 512\" xmlns=\"http:\/\/www.w3.org\/2000\/svg\"><path d=\"M416 208H272V64c0-17.67-14.33-32-32-32h-32c-17.67 0-32 14.33-32 32v144H32c-17.67 0-32 14.33-32 32v32c0 17.67 14.33 32 32 32h144v144c0 17.67 14.33 32 32 32h32c17.67 0 32-14.33 32-32V304h144c17.67 0 32-14.33 32-32v-32c0-17.67-14.33-32-32-32z\"><\/path><\/svg><\/span>\n\t\t<\/span>\n\n\t\t\t\t\t\t<\/summary>\n\t\t\t\t<div role=\"region\" aria-labelledby=\"e-n-accordion-item-2391\" class=\"elementor-element elementor-element-4a774df6 e-con-full e-flex e-con e-child\" data-id=\"4a774df6\" data-element_type=\"container\" data-e-type=\"container\">\n\t\t<div role=\"region\" aria-labelledby=\"e-n-accordion-item-2391\" class=\"elementor-element elementor-element-54a907d7 e-flex e-con-boxed e-con e-child\" data-id=\"54a907d7\" data-element_type=\"container\" data-e-type=\"container\">\n\t\t\t\t\t<div class=\"e-con-inner\">\n\t\t\t\t\t<p class=\"e-46b63d32-ad35e3d e-paragraph-base\" data-interaction-id=\"46b63d32\" data-e-type=\"widget\" data-id=\"46b63d32\">O voo de helic\u00f3ptero da Faria Lima a Guarulhos dura aproximadamente 8 minutos, independentemente do tr\u00e2nsito terrestre.<\/p>\n\t\t\t\t\t<\/div>\n\t\t\t\t<\/div>\n\t\t\t\t<\/div>\n\t\t\t\t\t<\/details>\n\t\t\t\t\t\t<details id=\"e-n-accordion-item-2392\" class=\"e-n-accordion-item\" >\n\t\t\t\t<summary class=\"e-n-accordion-item-title\" data-accordion-index=\"3\" tabindex=\"-1\" aria-expanded=\"false\" aria-controls=\"e-n-accordion-item-2392\" >\n\t\t\t\t\t<span class='e-n-accordion-item-title-header'><div class=\"e-n-accordion-item-title-text\"> O que est\u00e1 inclu\u00eddo no pre\u00e7o do voo de helic\u00f3ptero da Faria Lima a Guarulhos? <\/div><\/span>\n\t\t\t\t\t\t\t<span class='e-n-accordion-item-title-icon'>\n\t\t\t<span class='e-opened' ><svg aria-hidden=\"true\" class=\"e-font-icon-svg e-fas-minus\" viewBox=\"0 0 448 512\" xmlns=\"http:\/\/www.w3.org\/2000\/svg\"><path d=\"M416 208H32c-17.67 0-32 14.33-32 32v32c0 17.67 14.33 32 32 32h384c17.67 0 32-14.33 32-32v-32c0-17.67-14.33-32-32-32z\"><\/path><\/svg><\/span>\n\t\t\t<span class='e-closed'><svg aria-hidden=\"true\" class=\"e-font-icon-svg e-fas-plus\" viewBox=\"0 0 448 512\" xmlns=\"http:\/\/www.w3.org\/2000\/svg\"><path d=\"M416 208H272V64c0-17.67-14.33-32-32-32h-32c-17.67 0-32 14.33-32 32v144H32c-17.67 0-32 14.33-32 32v32c0 17.67 14.33 32 32 32h144v144c0 17.67 14.33 32 32 32h32c17.67 0 32-14.33 32-32V304h144c17.67 0 32-14.33 32-32v-32c0-17.67-14.33-32-32-32z\"><\/path><\/svg><\/span>\n\t\t<\/span>\n\n\t\t\t\t\t\t<\/summary>\n\t\t\t\t<div role=\"region\" aria-labelledby=\"e-n-accordion-item-2392\" class=\"elementor-element elementor-element-5ef17d1 e-con-full e-flex e-con e-child\" data-id=\"5ef17d1\" data-element_type=\"container\" data-e-type=\"container\">\n\t\t<div role=\"region\" aria-labelledby=\"e-n-accordion-item-2392\" class=\"elementor-element elementor-element-4b5b67e5 e-flex e-con-boxed e-con e-child\" data-id=\"4b5b67e5\" data-element_type=\"container\" data-e-type=\"container\">\n\t\t\t\t\t<div class=\"e-con-inner\">\n\t\t\t\t\t<p class=\"e-609c350-af3fc90 e-paragraph-base\" data-interaction-id=\"609c350\" data-e-type=\"widget\" data-id=\"609c350\">O pre\u00e7o inclui transporte terrestre em carro executivo, gest\u00e3o de bagagem, acesso a lounges privativos e tripula\u00e7\u00e3o dupla em aeronave bimotor.<\/p>\n\t\t\t\t\t<\/div>\n\t\t\t\t<\/div>\n\t\t\t\t<\/div>\n\t\t\t\t\t<\/details>\n\t\t\t\t\t\t<details id=\"e-n-accordion-item-2393\" class=\"e-n-accordion-item\" >\n\t\t\t\t<summary class=\"e-n-accordion-item-title\" data-accordion-index=\"4\" tabindex=\"-1\" aria-expanded=\"false\" aria-controls=\"e-n-accordion-item-2393\" >\n\t\t\t\t\t<span class='e-n-accordion-item-title-header'><div class=\"e-n-accordion-item-title-text\"> Como posso reservar um voo de helic\u00f3ptero com a Revo? <\/div><\/span>\n\t\t\t\t\t\t\t<span class='e-n-accordion-item-title-icon'>\n\t\t\t<span class='e-opened' ><svg aria-hidden=\"true\" class=\"e-font-icon-svg e-fas-minus\" viewBox=\"0 0 448 512\" xmlns=\"http:\/\/www.w3.org\/2000\/svg\"><path d=\"M416 208H32c-17.67 0-32 14.33-32 32v32c0 17.67 14.33 32 32 32h384c17.67 0 32-14.33 32-32v-32c0-17.67-14.33-32-32-32z\"><\/path><\/svg><\/span>\n\t\t\t<span class='e-closed'><svg aria-hidden=\"true\" class=\"e-font-icon-svg e-fas-plus\" viewBox=\"0 0 448 512\" xmlns=\"http:\/\/www.w3.org\/2000\/svg\"><path d=\"M416 208H272V64c0-17.67-14.33-32-32-32h-32c-17.67 0-32 14.33-32 32v144H32c-17.67 0-32 14.33-32 32v32c0 17.67 14.33 32 32 32h144v144c0 17.67 14.33 32 32 32h32c17.67 0 32-14.33 32-32V304h144c17.67 0 32-14.33 32-32v-32c0-17.67-14.33-32-32-32z\"><\/path><\/svg><\/span>\n\t\t<\/span>\n\n\t\t\t\t\t\t<\/summary>\n\t\t\t\t<div role=\"region\" aria-labelledby=\"e-n-accordion-item-2393\" class=\"elementor-element elementor-element-1e260535 e-con-full e-flex e-con e-child\" data-id=\"1e260535\" data-element_type=\"container\" data-e-type=\"container\">\n\t\t<div role=\"region\" aria-labelledby=\"e-n-accordion-item-2393\" class=\"elementor-element elementor-element-5630352f e-flex e-con-boxed e-con e-child\" data-id=\"5630352f\" data-element_type=\"container\" data-e-type=\"container\">\n\t\t\t\t\t<div class=\"e-con-inner\">\n\t\t\t\t\t<p class=\"e-6874fcdb-a13388b e-paragraph-base\" data-interaction-id=\"6874fcdb\" data-e-type=\"widget\" data-id=\"6874fcdb\">Voc\u00ea pode reservar um voo com a Revo via aplicativo m\u00f3vel, site ou concierge via WhatsApp, concluindo o processo em menos de tr\u00eas minutos.<\/p>\n\t\t\t\t\t<\/div>\n\t\t\t\t<\/div>\n\t\t\t\t<\/div>\n\t\t\t\t\t<\/details>\n\t\t\t\t\t\t<details id=\"e-n-accordion-item-2394\" class=\"e-n-accordion-item\" >\n\t\t\t\t<summary class=\"e-n-accordion-item-title\" data-accordion-index=\"5\" tabindex=\"-1\" aria-expanded=\"false\" aria-controls=\"e-n-accordion-item-2394\" >\n\t\t\t\t\t<span class='e-n-accordion-item-title-header'><div class=\"e-n-accordion-item-title-text\"> Qual a diferen\u00e7a entre o voo compartilhado e o fretamento completo da Revo? <\/div><\/span>\n\t\t\t\t\t\t\t<span class='e-n-accordion-item-title-icon'>\n\t\t\t<span class='e-opened' ><svg aria-hidden=\"true\" class=\"e-font-icon-svg e-fas-minus\" viewBox=\"0 0 448 512\" xmlns=\"http:\/\/www.w3.org\/2000\/svg\"><path d=\"M416 208H32c-17.67 0-32 14.33-32 32v32c0 17.67 14.33 32 32 32h384c17.67 0 32-14.33 32-32v-32c0-17.67-14.33-32-32-32z\"><\/path><\/svg><\/span>\n\t\t\t<span class='e-closed'><svg aria-hidden=\"true\" class=\"e-font-icon-svg e-fas-plus\" viewBox=\"0 0 448 512\" xmlns=\"http:\/\/www.w3.org\/2000\/svg\"><path d=\"M416 208H272V64c0-17.67-14.33-32-32-32h-32c-17.67 0-32 14.33-32 32v144H32c-17.67 0-32 14.33-32 32v32c0 17.67 14.33 32 32 32h144v144c0 17.67 14.33 32 32 32h32c17.67 0 32-14.33 32-32V304h144c17.67 0 32-14.33 32-32v-32c0-17.67-14.33-32-32-32z\"><\/path><\/svg><\/span>\n\t\t<\/span>\n\n\t\t\t\t\t\t<\/summary>\n\t\t\t\t<div role=\"region\" aria-labelledby=\"e-n-accordion-item-2394\" class=\"elementor-element elementor-element-103621f0 e-con-full e-flex e-con e-child\" data-id=\"103621f0\" data-element_type=\"container\" data-e-type=\"container\">\n\t\t<div role=\"region\" aria-labelledby=\"e-n-accordion-item-2394\" class=\"elementor-element elementor-element-32af0e7d e-flex e-con-boxed e-con e-child\" data-id=\"32af0e7d\" data-element_type=\"container\" data-e-type=\"container\">\n\t\t\t\t\t<div class=\"e-con-inner\">\n\t\t\t\t\t<p class=\"e-5882ad9d-80e3ea4 e-paragraph-base\" data-interaction-id=\"5882ad9d\" data-e-type=\"widget\" data-id=\"5882ad9d\">No voo compartilhado, voc\u00ea reserva um assento com hor\u00e1rios pr\u00e9-definidos; j\u00e1 no fretamento completo, voc\u00ea define o hor\u00e1rio e tem a cabine inteira \u00e0 disposi\u00e7\u00e3o.<\/p>\n\t\t\t\t\t<\/div>\n\t\t\t\t<\/div>\n\t\t\t\t<\/div>\n\t\t\t\t\t<\/details>\n\t\t\t\t\t\t<details id=\"e-n-accordion-item-2395\" class=\"e-n-accordion-item\" >\n\t\t\t\t<summary class=\"e-n-accordion-item-title\" data-accordion-index=\"6\" tabindex=\"-1\" aria-expanded=\"false\" aria-controls=\"e-n-accordion-item-2395\" >\n\t\t\t\t\t<span class='e-n-accordion-item-title-header'><div class=\"e-n-accordion-item-title-text\"> Como funciona o ac\u00famulo de milhas LATAM Pass nos voos da Revo? <\/div><\/span>\n\t\t\t\t\t\t\t<span class='e-n-accordion-item-title-icon'>\n\t\t\t<span class='e-opened' ><svg aria-hidden=\"true\" class=\"e-font-icon-svg e-fas-minus\" viewBox=\"0 0 448 512\" xmlns=\"http:\/\/www.w3.org\/2000\/svg\"><path d=\"M416 208H32c-17.67 0-32 14.33-32 32v32c0 17.67 14.33 32 32 32h384c17.67 0 32-14.33 32-32v-32c0-17.67-14.33-32-32-32z\"><\/path><\/svg><\/span>\n\t\t\t<span class='e-closed'><svg aria-hidden=\"true\" class=\"e-font-icon-svg e-fas-plus\" viewBox=\"0 0 448 512\" xmlns=\"http:\/\/www.w3.org\/2000\/svg\"><path d=\"M416 208H272V64c0-17.67-14.33-32-32-32h-32c-17.67 0-32 14.33-32 32v144H32c-17.67 0-32 14.33-32 32v32c0 17.67 14.33 32 32 32h144v144c0 17.67 14.33 32 32 32h32c17.67 0 32-14.33 32-32V304h144c17.67 0 32-14.33 32-32v-32c0-17.67-14.33-32-32-32z\"><\/path><\/svg><\/span>\n\t\t<\/span>\n\n\t\t\t\t\t\t<\/summary>\n\t\t\t\t<div role=\"region\" aria-labelledby=\"e-n-accordion-item-2395\" class=\"elementor-element elementor-element-6f85aa97 e-con-full e-flex e-con e-child\" data-id=\"6f85aa97\" data-element_type=\"container\" data-e-type=\"container\">\n\t\t<div role=\"region\" aria-labelledby=\"e-n-accordion-item-2395\" class=\"elementor-element elementor-element-652731b6 e-flex e-con-boxed e-con e-child\" data-id=\"652731b6\" data-element_type=\"container\" data-e-type=\"container\">\n\t\t\t\t\t<div class=\"e-con-inner\">\n\t\t\t\t\t<p class=\"e-7946de26-19235a7 e-paragraph-base\" data-interaction-id=\"7946de26\" data-e-type=\"widget\" data-id=\"7946de26\">Membros LATAM Pass Black e Black Signature acumulam 8.250 milhas no primeiro voo e 5.500 nos seguintes ao voar com a Revo.<\/p>\n\t\t\t\t\t<\/div>\n\t\t\t\t<\/div>\n\t\t\t\t<\/div>\n\t\t\t\t\t<\/details>\n\t\t\t\t\t\t<details id=\"e-n-accordion-item-2396\" class=\"e-n-accordion-item\" >\n\t\t\t\t<summary class=\"e-n-accordion-item-title\" data-accordion-index=\"7\" tabindex=\"-1\" aria-expanded=\"false\" aria-controls=\"e-n-accordion-item-2396\" >\n\t\t\t\t\t<span class='e-n-accordion-item-title-header'><div class=\"e-n-accordion-item-title-text\"> Quais os benef\u00edcios de voar de helic\u00f3ptero em vez de carro at\u00e9 Guarulhos? <\/div><\/span>\n\t\t\t\t\t\t\t<span class='e-n-accordion-item-title-icon'>\n\t\t\t<span class='e-opened' ><svg aria-hidden=\"true\" class=\"e-font-icon-svg e-fas-minus\" viewBox=\"0 0 448 512\" xmlns=\"http:\/\/www.w3.org\/2000\/svg\"><path d=\"M416 208H32c-17.67 0-32 14.33-32 32v32c0 17.67 14.33 32 32 32h384c17.67 0 32-14.33 32-32v-32c0-17.67-14.33-32-32-32z\"><\/path><\/svg><\/span>\n\t\t\t<span class='e-closed'><svg aria-hidden=\"true\" class=\"e-font-icon-svg e-fas-plus\" viewBox=\"0 0 448 512\" xmlns=\"http:\/\/www.w3.org\/2000\/svg\"><path d=\"M416 208H272V64c0-17.67-14.33-32-32-32h-32c-17.67 0-32 14.33-32 32v144H32c-17.67 0-32 14.33-32 32v32c0 17.67 14.33 32 32 32h144v144c0 17.67 14.33 32 32 32h32c17.67 0 32-14.33 32-32V304h144c17.67 0 32-14.33 32-32v-32c0-17.67-14.33-32-32-32z\"><\/path><\/svg><\/span>\n\t\t<\/span>\n\n\t\t\t\t\t\t<\/summary>\n\t\t\t\t<div role=\"region\" aria-labelledby=\"e-n-accordion-item-2396\" class=\"elementor-element elementor-element-718912f8 e-con-full e-flex e-con e-child\" data-id=\"718912f8\" data-element_type=\"container\" data-e-type=\"container\">\n\t\t<div role=\"region\" aria-labelledby=\"e-n-accordion-item-2396\" class=\"elementor-element elementor-element-56742ec6 e-flex e-con-boxed e-con e-child\" data-id=\"56742ec6\" data-element_type=\"container\" data-e-type=\"container\">\n\t\t\t\t\t<div class=\"e-con-inner\">\n\t\t\t\t\t<p class=\"e-ab253ce-8bd4bf8 e-paragraph-base\" data-interaction-id=\"ab253ce\" data-e-type=\"widget\" data-id=\"ab253ce\">Voar de helic\u00f3ptero reduz o tempo de deslocamento de at\u00e9 2 horas para apenas 8 minutos, al\u00e9m de oferecer servi\u00e7os exclusivos e conforto.<\/p>\n\t\t\t\t\t<\/div>\n\t\t\t\t<\/div>\n\t\t\t\t<\/div>\n\t\t\t\t\t<\/details>\n\t\t\t\t\t\t<details id=\"e-n-accordion-item-2397\" class=\"e-n-accordion-item\" >\n\t\t\t\t<summary class=\"e-n-accordion-item-title\" data-accordion-index=\"8\" tabindex=\"-1\" aria-expanded=\"false\" aria-controls=\"e-n-accordion-item-2397\" >\n\t\t\t\t\t<span class='e-n-accordion-item-title-header'><div class=\"e-n-accordion-item-title-text\"> Quais s\u00e3o os pontos de embarque e desembarque para o voo da Revo? <\/div><\/span>\n\t\t\t\t\t\t\t<span class='e-n-accordion-item-title-icon'>\n\t\t\t<span class='e-opened' ><svg aria-hidden=\"true\" class=\"e-font-icon-svg e-fas-minus\" viewBox=\"0 0 448 512\" xmlns=\"http:\/\/www.w3.org\/2000\/svg\"><path d=\"M416 208H32c-17.67 0-32 14.33-32 32v32c0 17.67 14.33 32 32 32h384c17.67 0 32-14.33 32-32v-32c0-17.67-14.33-32-32-32z\"><\/path><\/svg><\/span>\n\t\t\t<span class='e-closed'><svg aria-hidden=\"true\" class=\"e-font-icon-svg e-fas-plus\" viewBox=\"0 0 448 512\" xmlns=\"http:\/\/www.w3.org\/2000\/svg\"><path d=\"M416 208H272V64c0-17.67-14.33-32-32-32h-32c-17.67 0-32 14.33-32 32v144H32c-17.67 0-32 14.33-32 32v32c0 17.67 14.33 32 32 32h144v144c0 17.67 14.33 32 32 32h32c17.67 0 32-14.33 32-32V304h144c17.67 0 32-14.33 32-32v-32c0-17.67-14.33-32-32-32z\"><\/path><\/svg><\/span>\n\t\t<\/span>\n\n\t\t\t\t\t\t<\/summary>\n\t\t\t\t<div role=\"region\" aria-labelledby=\"e-n-accordion-item-2397\" class=\"elementor-element elementor-element-58d84d7c e-con-full e-flex e-con e-child\" data-id=\"58d84d7c\" data-element_type=\"container\" data-e-type=\"container\">\n\t\t<div role=\"region\" aria-labelledby=\"e-n-accordion-item-2397\" class=\"elementor-element elementor-element-7e1f72ca e-flex e-con-boxed e-con e-child\" data-id=\"7e1f72ca\" data-element_type=\"container\" data-e-type=\"container\">\n\t\t\t\t\t<div class=\"e-con-inner\">\n\t\t\t\t\t<p class=\"e-cb8bba6-ea0b127 e-paragraph-base\" data-interaction-id=\"cb8bba6\" data-e-type=\"widget\" data-id=\"cb8bba6\">O embarque na Faria Lima ocorre no International Plaza II, enquanto em Guarulhos utiliza terminais executivos segregados como GATGRU.<\/p>\n\t\t\t\t\t<\/div>\n\t\t\t\t<\/div>\n\t\t\t\t<\/div>\n\t\t\t\t\t<\/details>\n\t\t\t\t\t<\/div>\n\t\t\t\t\t\t<\/div>\n\t\t\t\t\t<\/div>\n\t\t\t\t<\/div>\n\t\t\t\t\t<\/div>\n\t\t\t\t<\/div>\n\t\t\t\t<\/div>\n\t\t","protected":false},"excerpt":{"rendered":"<p>Descubra o custo e benef\u00edcios de voar de helic\u00f3ptero da Faria Lima a Guarulhos com a Revo. Economize tempo e acumule milhas.<\/p>\n","protected":false},"author":5,"featured_media":27,"comment_status":"open","ping_status":"open","sticky":false,"template":"elementor_header_footer","format":"standard","meta":{"footnotes":""},"categories":[1],"tags":[],"class_list":["post-24","post","type-post","status-publish","format-standard","has-post-thumbnail","hentry","category-uncategorized"],"_links":{"self":[{"href":"https:\/\/flyrevo.com\/mkt\/wp-json\/wp\/v2\/posts\/24","targetHints":{"allow":["GET"]}}],"collection":[{"href":"https:\/\/flyrevo.com\/mkt\/wp-json\/wp\/v2\/posts"}],"about":[{"href":"https:\/\/flyrevo.com\/mkt\/wp-json\/wp\/v2\/types\/post"}],"author":[{"embeddable":true,"href":"https:\/\/flyrevo.com\/mkt\/wp-json\/wp\/v2\/users\/5"}],"replies":[{"embeddable":true,"href":"https:\/\/flyrevo.com\/mkt\/wp-json\/wp\/v2\/comments?post=24"}],"version-history":[{"count":16,"href":"https:\/\/flyrevo.com\/mkt\/wp-json\/wp\/v2\/posts\/24\/revisions"}],"predecessor-version":[{"id":163,"href":"https:\/\/flyrevo.com\/mkt\/wp-json\/wp\/v2\/posts\/24\/revisions\/163"}],"wp:featuredmedia":[{"embeddable":true,"href":"https:\/\/flyrevo.com\/mkt\/wp-json\/wp\/v2\/media\/27"}],"wp:attachment":[{"href":"https:\/\/flyrevo.com\/mkt\/wp-json\/wp\/v2\/media?parent=24"}],"wp:term":[{"taxonomy":"category","embeddable":true,"href":"https:\/\/flyrevo.com\/mkt\/wp-json\/wp\/v2\/categories?post=24"},{"taxonomy":"post_tag","embeddable":true,"href":"https:\/\/flyrevo.com\/mkt\/wp-json\/wp\/v2\/tags?post=24"}],"curies":[{"name":"wp","href":"https:\/\/api.w.org\/{rel}","templated":true}]}}